{"id":502,"__str__":"Ta\u00eds T\u00e2nia Pereira Silva (Ta\u00eds T\u00e2nia) (8\u00ba orador)","link_detail_backend":"/sessao/oradorordemdia/502","metadata":{},"numero_ordem":8,"url_discurso":"https://youtu.be/E2PFGbzucKw?t=7052","observacao":"","upload_anexo":null,"sessao_plenaria":131,"parlamentar":19}