{"id":424,"__str__":"Ta\u00eds T\u00e2nia Pereira Silva (Ta\u00eds T\u00e2nia) (1\u00ba orador)","link_detail_backend":"/sessao/oradorordemdia/424","metadata":{},"numero_ordem":1,"url_discurso":"https://youtu.be/YZupnofC5mo?t=3995","observacao":"","upload_anexo":null,"sessao_plenaria":123,"parlamentar":19}