{"id":362,"__str__":"OFCEn N\u00ba 146/2022 - Of\u00edcio Enviado","link_detail_backend":"/docadm/362","metadata":{},"numero":146,"complemento":"","ano":2022,"data":"2022-08-09","interessado":"Maria Concei\u00e7\u00e3o dos Reis Pereira - Prefeita","dias_prazo":null,"data_fim_prazo":null,"tramitacao":false,"assunto":"Of\u00edcio n\u00ba 71/2022 - Solicita transporte para Comitiva de Jacu\u00ed , que participa dos evento \" Queima do Alho\" nas cidades da regi\u00e3o.","numero_externo":null,"observacao":"","texto_integral":"http://sapl.jacui.mg.leg.br/media/sapl/private/documentoadministrativo/362/oficio_no71_-_queima_do_alho.docx","restrito":false,"ip":"179.107.202.13","ultima_edicao":"2022-08-09T15:28:05.437767-03:00","tipo":7,"protocolo":270,"autor":null,"user":19,"anexados":[],"materiasvinculadas":[]}