{"id":765,"__str__":"Requerimento n\u00ba 29 de 2023","link_detail_backend":"/materia/765","metadata":{},"numero":29,"ano":2023,"numero_protocolo":299,"data_apresentacao":"2023-08-23","tipo_apresentacao":"","data_publicacao":null,"numero_origem_externa":"","ano_origem_externa":null,"data_origem_externa":null,"apelido":"","dias_prazo":null,"data_fim_prazo":null,"em_tramitacao":false,"polemica":false,"objeto":"","complementar":false,"ementa":"Req. n\u00ba 29/2023 - Aus\u00eancia vereador Lucas Ven\u00edcius de Sousa na Sess\u00e3o Extraordin\u00e1ria","indexacao":"","observacao":"","resultado":"","texto_original":"http://sapl.jacui.mg.leg.br/media/sapl/public/materialegislativa/2023/765/requerimento_no_29-2023.pdf","data_ultima_atualizacao":"2023-08-25T13:42:24.924608-03:00","ip":"179.107.203.103","ultima_edicao":"2023-08-25T13:19:27.533514-03:00","tipo":3,"regime_tramitacao":1,"tipo_origem_externa":null,"local_origem_externa":null,"user":19,"anexadas":[],"autores":[22]}