{"id":624,"__str__":"Requerimento n\u00ba 23 de 2022","link_detail_backend":"/materia/624","metadata":{},"numero":23,"ano":2022,"numero_protocolo":438,"data_apresentacao":"2022-11-10","tipo_apresentacao":"","data_publicacao":null,"numero_origem_externa":"","ano_origem_externa":null,"data_origem_externa":null,"apelido":"","dias_prazo":null,"data_fim_prazo":null,"em_tramitacao":false,"polemica":false,"objeto":"","complementar":false,"ementa":"Aus\u00eancia do vereador Messias Jos\u00e9 de Macedo na sess\u00e3o extraordin\u00e1ria do dia 10/11/2022, por quest\u00f5es de foro \u00edntimo.","indexacao":"","observacao":"","resultado":"","texto_original":"http://sapl.jacui.mg.leg.br/media/sapl/public/materialegislativa/2022/624/requerimento_no_22-_ausencia_por_motivos_foro_pessoal.docx","data_ultima_atualizacao":"2022-11-10T15:03:39.247709-03:00","ip":"179.107.200.132","ultima_edicao":"2022-11-10T15:03:38.925485-03:00","tipo":3,"regime_tramitacao":1,"tipo_origem_externa":null,"local_origem_externa":null,"user":15,"anexadas":[],"autores":[23]}