{"id":580,"__str__":"Requerimento n\u00ba 12 de 2022","link_detail_backend":"/materia/580","metadata":{},"numero":12,"ano":2022,"numero_protocolo":279,"data_apresentacao":"2022-08-15","tipo_apresentacao":"E","data_publicacao":null,"numero_origem_externa":"","ano_origem_externa":null,"data_origem_externa":null,"apelido":"","dias_prazo":null,"data_fim_prazo":null,"em_tramitacao":true,"polemica":false,"objeto":"","complementar":false,"ementa":"Comparecimento \u00e0 C\u00e2mara Municipal de Jacu\u00ed da Exma. Sra. Prefeita Municipal Maria Concei\u00e7\u00e3o dos Reis Pereira","indexacao":"","observacao":"","resultado":"","texto_original":"http://sapl.jacui.mg.leg.br/media/sapl/public/materialegislativa/2022/580/requerimento_no_12_-_convocacao_a_camara_municipal_de_jacui_da_excelentissima_prefeita_municipal_maria_conceicao.docx","data_ultima_atualizacao":"2022-08-15T19:21:11.324731-03:00","ip":"179.107.202.7","ultima_edicao":"2022-08-15T19:21:11.324496-03:00","tipo":3,"regime_tramitacao":1,"tipo_origem_externa":null,"local_origem_externa":null,"user":18,"anexadas":[],"autores":[18]}