{"id":1158,"__str__":"Projeto de Lei Complementar n\u00ba 2208 de 2026","link_detail_backend":"/materia/1158","metadata":{},"numero":2208,"ano":2026,"numero_protocolo":69,"data_apresentacao":"2026-04-10","tipo_apresentacao":"","data_publicacao":null,"numero_origem_externa":"","ano_origem_externa":null,"data_origem_externa":null,"apelido":"","dias_prazo":null,"data_fim_prazo":null,"em_tramitacao":false,"polemica":false,"objeto":"","complementar":false,"ementa":"Reconhece, no \u00e2mbito do Munic\u00edpio de Jacu\u00ed/MG, a atividade de condutor de ambul\u00e2ncia como integrante das a\u00e7\u00f5es e servi\u00e7os p\u00fablicos de sa\u00fade, em conson\u00e2ncia com a Lei Federal n\u00ba 15.250, de 3 de novembro de 2025.","indexacao":"","observacao":"","resultado":"","texto_original":"http://sapl.jacui.mg.leg.br/media/sapl/public/materialegislativa/2026/1158/pl_no_2208_-2026_-_motorista.pdf","data_ultima_atualizacao":"2026-04-13T10:28:50.470754-03:00","ip":"192.141.152.7","ultima_edicao":"2026-04-13T10:28:49.810730-03:00","tipo":5,"regime_tramitacao":1,"tipo_origem_externa":null,"local_origem_externa":null,"user":19,"anexadas":[],"autores":[46,49]}