{"id":1140,"__str__":"Indica\u00e7\u00e3o n\u00ba 4 de 2026","link_detail_backend":"/materia/1140","metadata":{"signs":{"texto_original":{"admin":[],"autores":[["Flavio Bernardes",["2026-02-06T15:30:50-03:00","ICP-Brasil"]]]}}},"numero":4,"ano":2026,"numero_protocolo":17,"data_apresentacao":"2026-02-09","tipo_apresentacao":"","data_publicacao":null,"numero_origem_externa":"","ano_origem_externa":null,"data_origem_externa":null,"apelido":"","dias_prazo":null,"data_fim_prazo":null,"em_tramitacao":false,"polemica":false,"objeto":"","complementar":false,"ementa":"Que o Poder Executivo adote, com a m\u00e1xima urg\u00eancia, as provid\u00eancias necess\u00e1rias, \r\npara a execu\u00e7\u00e3o das obras recupera\u00e7\u00e3o da via p\u00fablica na Rua Atan\u00e1sio Ribeiro de Miranda, \r\nlocalizada no bairro Vila Diamantina, neste munic\u00edpio.","indexacao":"","observacao":"","resultado":"","texto_original":"http://sapl.jacui.mg.leg.br/media/sapl/public/materialegislativa/2026/1140/indicacao_04_-_flavio.pdf","data_ultima_atualizacao":"2026-04-23T08:52:18.894461-03:00","ip":"164.163.227.89","ultima_edicao":"2026-02-09T07:49:44.054617-03:00","tipo":8,"regime_tramitacao":1,"tipo_origem_externa":null,"local_origem_externa":null,"user":19,"anexadas":[],"autores":[44]}