{"id":1138,"__str__":"Indica\u00e7\u00e3o n\u00ba 3 de 2026","link_detail_backend":"/materia/1138","metadata":{},"numero":3,"ano":2026,"numero_protocolo":15,"data_apresentacao":"2026-02-04","tipo_apresentacao":"","data_publicacao":null,"numero_origem_externa":"","ano_origem_externa":null,"data_origem_externa":null,"apelido":"","dias_prazo":null,"data_fim_prazo":null,"em_tramitacao":false,"polemica":false,"objeto":"","complementar":false,"ementa":"Que o Poder Executivo analise, com a devida urg\u00eancia, a necessidade de manuten\u00e7\u00e3o do cal\u00e7amento em bloquetes nas Ruas Francisco Ant\u00f4nio Bueno, Bairro Santa Cruz, e no entorno da Pra\u00e7a Santa Cruz , assim como a revitaliza\u00e7\u00e3o das lombadas, visando melhores condi\u00e7\u00f5es de seguran\u00e7a e trafegabilidade.","indexacao":"","observacao":"","resultado":"","texto_original":"http://sapl.jacui.mg.leg.br/media/sapl/public/materialegislativa/2026/1138/indicacao_no03-2026.pdf","data_ultima_atualizacao":"2026-04-23T08:52:18.671198-03:00","ip":"192.141.152.2","ultima_edicao":"2026-02-04T08:59:54.961731-03:00","tipo":8,"regime_tramitacao":1,"tipo_origem_externa":null,"local_origem_externa":null,"user":19,"anexadas":[],"autores":[49]}