{"id":380,"__str__":"Autoria: Jo\u00e3o Jorge Sim\u00e3o de Oliveira - Proposta de Emenda \u00e0 Lei Org\u00e2nica n\u00ba 2 de 2022","link_detail_backend":"/materia/autoria/380","metadata":{},"primeiro_autor":true,"autor":21,"materia":575}